{"id":9389,"date":"2018-08-10T23:50:00","date_gmt":"2018-08-11T02:50:00","guid":{"rendered":"http:\/\/testesadam.web7005.uni5.net\/modelo\/?p=9389"},"modified":"2018-08-10T23:50:00","modified_gmt":"2018-08-11T02:50:00","slug":"e-importante-notar-na-mediacao-conciliacao","status":"publish","type":"post","link":"https:\/\/sitesadam.com.br\/modelo5\/e-importante-notar-na-mediacao-conciliacao\/","title":{"rendered":"O que \u00e9 importante notar na Media\u00e7\u00e3o e Concilia\u00e7\u00e3o"},"content":{"rendered":"<h5 style=\"text-align: justify;\">Para o p\u00fablico \u00e9 muito importante a presta\u00e7\u00e3o de um servi\u00e7o de qualidade, tanto p\u00fablico como privado.<\/h5>\n<h5 style=\"text-align: justify;\">Muitas pessoas ao serem convocadas para a audi\u00eancia de Media\u00e7\u00e3o ou Concilia\u00e7\u00e3o n\u00e3o fazem ideia do que se tratam, sendo obriga\u00e7\u00e3o do <strong>conciliador\/mediador<\/strong> realizar a apresenta\u00e7\u00e3o de abertura para que as partes entendam.<\/h5>\n<h5 style=\"text-align: justify;\">Em resumo, a Media\u00e7\u00e3o\/Concilia\u00e7\u00e3o \u00e9 uma negocia\u00e7\u00e3o, uma oportunidade para que as pessoas possam demonstrar seus reais interesses e chegar em um acordo de forma justa e que as partes saiam ganhando conjuntamente. N\u00e3o h\u00e1 terceiro interferindo na negocia\u00e7\u00e3o, s\u00e3o as partes que prop\u00f5e, n\u00e3o existe juiz decidindo (este, no geral est\u00e1 muito distante do problema real e da an\u00e1lise direto do que ocorre no emocional, na rotina do casal).<\/h5>\n<h5 style=\"text-align: justify;\">Voc\u00ea deve estar se perguntando: &#8220;Mas como chegaremos no acordo, bem agora que o problema acabou de acontecer. Ainda estou muito ligado no conflito, n\u00e3o tenho emocional para isso e n\u00e3o \u00e9 um costume cultural no Brasil.&#8221;. A resposta para que a sua negocia\u00e7\u00e3o realmente ocorra depender\u00e1 de voc\u00ea e principalmente de um bom conciliador, que prestar\u00e1 uma negocia\u00e7\u00e3o de qualidade. Para isso voc\u00ea deve observar se ele apresenta e realiza as t\u00e9cnicas importantes de negocia\u00e7\u00e3o durante a media\u00e7\u00e3o.<\/h5>\n<h5 style=\"text-align: justify;\"><strong>Se faz imprescind\u00edvel na Media\u00e7\u00e3o e na Concilia\u00e7\u00e3o:<\/strong><\/h5>\n<h5 style=\"text-align: justify;\">\u2022 Que o Mediador\/Conciliador tenha realizado um curso de especializa\u00e7\u00e3o para atuar.<\/h5>\n<h5 style=\"text-align: justify;\">\u2022 Que as partes tenham advogados, para que possam tirar eventuais d\u00favidas jur\u00eddicas<\/h5>\n<h5 style=\"text-align: justify;\">\u2022\u00a0Que a abertura seja feita, explicando a diferen\u00e7a da decis\u00e3o pela justi\u00e7a ou a decis\u00e3o que parte das partes atrav\u00e9s da negocia\u00e7\u00e3o<\/h5>\n<h5 style=\"text-align: justify;\">\u2022\u00a0Que as t\u00e9cnicas de media\u00e7\u00e3o\/concilia\u00e7\u00e3o sejam aplicadas.<\/h5>\n<h5 style=\"text-align: justify;\">As t\u00e9cnicas que s\u00e3o utilizadas no geral s\u00e3o:<\/h5>\n<h5 style=\"text-align: justify;\">&#8211; Escuta ativa: o mediador\/conciliador ele apenas facilita a negocia\u00e7\u00e3o, n\u00e3o toma partido de nenhum lado, ele escuta as partes de forma verbal e n\u00e3o verbal, faz com que as partes respeitem uma a outra e escutem de o que esta sendo dito. Assim poder\u00e3o apresentar o que realmente os preocupam ou causou a situa\u00e7\u00e3o e suas possibilidades reais para resolverem.<\/h5>\n<h5 style=\"text-align: justify;\">&#8211; Rapport: t\u00e9cnica de espelhamento do conciliador\/mediador, para que as partes possam criar uma sintonia e harmonia. Mesmo naqueles momentos mais dif\u00edceis de negociar, o mediador\/conciliador, forma de facilitar o dialogo, podendo utilizar de movimenta\u00e7\u00e3o em outros espa\u00e7os para que a ansiedade e emocional n\u00e3o interfira nos participantes, para que observem o que de mais importante est\u00e3o ali para resolver. Podem at\u00e9 marcar outra sess\u00e3o em outra data, ou mais, o que muitas vezes para um boa negocia\u00e7\u00e3o se faz imprescind\u00edvel.<\/h5>\n<h5 style=\"text-align: justify;\">&#8211; Parafraseamento: que consta na reformula\u00e7\u00e3o das palavras ditas pelas partes.<\/h5>\n<h5 style=\"text-align: justify;\">&#8211; Brainstorming: \u00e9 o incentivo do mediador\/conciliador para que as partes criem solu\u00e7\u00f5es reais que possam ser realizadas por elas.<\/h5>\n<h5 style=\"text-align: justify;\">&#8211; Caucus: \u00e9 uma reuni\u00e3o privada com cada parte, para que elas possam se abrir e dizer o que aflige e o que elas podem realizar. Vale lembrar que s\u00f3 ser\u00e1 permitido o mediador\/conciliador dizer algo a outra parte se quem fez o caucus aceitar.<\/h5>\n<h5 style=\"text-align: justify;\">A import\u00e2ncia de uma boa negocia\u00e7\u00e3o faz o neg\u00f3cio ter um excelente fechamento e acordo para as partes, por isso \u00e9 imprescind\u00edvel as partes que forem mediar\/conciliar, utilizar essa oportunidade ao m\u00e1ximo e verificar se o servi\u00e7o esta realmente sendo feito como deveria.<\/h5>\n<h5 style=\"text-align: justify;\">Vale lembrar e ressaltar que n\u00e3o estando satisfeitos com aquela sess\u00e3o, tanto no p\u00fablico como no privado elas podem marcar outra sess\u00e3o e n\u00e3o gostando do modo que esta sendo realizado no p\u00fablico elas podem e devem procurar um mediador privado. O p\u00fablico tem direito de ter um servi\u00e7o de qualidade, sendo ele quem separa e avalia as melhores presta\u00e7\u00f5es de servi\u00e7o.<\/h5>\n<h5 style=\"text-align: justify;\">Ainda sim, a negocia\u00e7\u00e3o e a Media\u00e7\u00e3o\/Concilia\u00e7\u00e3o deve come\u00e7ar dentro de cada indiv\u00edduo, para a efic\u00e1cia de todos os participantes.<\/h5>\n<h5 style=\"text-align: justify;\">Por Fernanda Meirelles, especialista em Direito de Fam\u00edlia e Sucess\u00e3o<\/h5>\n<h5 style=\"text-align: justify;\">Fonte: JusBrasil &#8211; 10\/08\/2018<\/h5>\n<h5 style=\"text-align: justify;\"><a title=\"AdamNews\" href=\"http:\/\/www.adamsistemas.com\/adamnews\" target=\"_blank\" rel=\"noopener noreferrer\"><img decoding=\"async\" class=\"alignnone\" src=\"data:image\/svg+xml,%3Csvg%20xmlns%3D&#39;http%3A%2F%2Fwww.w3.org%2F2000%2Fsvg&#39;%20width=&#39;16&#39;%20height=&#39;16&#39;%20viewBox%3D&#39;0%200%2016%2016&#39;%2F%3E\" data-czlz data-src=\"http:\/\/www.adamsistemas.com\/imagens\/favicon_adam.ico\" alt=\"\" width=\"16\" height=\"16\" \/> AdamNews<\/a> &#8211; Divulga\u00e7\u00e3o exclusiva de not\u00edcias para clientes e parceiros!<\/h5>\n","protected":false},"excerpt":{"rendered":"<p>Por uma presta\u00e7\u00e3o de servi\u00e7o de qualidade. &#8230; <a class=\"cz_readmore\" href=\"https:\/\/sitesadam.com.br\/modelo5\/e-importante-notar-na-mediacao-conciliacao\/\"><i class=\"fa fa-angle-right\" aria-hidden=\"true\"><\/i><span>Saiba mais&#8230;<\/span><\/a><\/p>\n","protected":false},"author":2,"featured_media":0,"comment_status":"open","ping_status":"closed","sticky":false,"template":"","format":"standard","meta":{"footnotes":""},"categories":[2,11,6,8],"tags":[3,10,7,9],"class_list":["post-9389","post","type-post","status-publish","format-standard","hentry","category-adamnews","category-conciliacao","category-mediacao","category-noticias","tag-adamnews","tag-conciliacao","tag-mediacao","tag-noticias"],"_links":{"self":[{"href":"https:\/\/sitesadam.com.br\/modelo5\/wp-json\/wp\/v2\/posts\/9389","targetHints":{"allow":["GET"]}}],"collection":[{"href":"https:\/\/sitesadam.com.br\/modelo5\/wp-json\/wp\/v2\/posts"}],"about":[{"href":"https:\/\/sitesadam.com.br\/modelo5\/wp-json\/wp\/v2\/types\/post"}],"author":[{"embeddable":true,"href":"https:\/\/sitesadam.com.br\/modelo5\/wp-json\/wp\/v2\/users\/2"}],"replies":[{"embeddable":true,"href":"https:\/\/sitesadam.com.br\/modelo5\/wp-json\/wp\/v2\/comments?post=9389"}],"version-history":[{"count":0,"href":"https:\/\/sitesadam.com.br\/modelo5\/wp-json\/wp\/v2\/posts\/9389\/revisions"}],"wp:attachment":[{"href":"https:\/\/sitesadam.com.br\/modelo5\/wp-json\/wp\/v2\/media?parent=9389"}],"wp:term":[{"taxonomy":"category","embeddable":true,"href":"https:\/\/sitesadam.com.br\/modelo5\/wp-json\/wp\/v2\/categories?post=9389"},{"taxonomy":"post_tag","embeddable":true,"href":"https:\/\/sitesadam.com.br\/modelo5\/wp-json\/wp\/v2\/tags?post=9389"}],"curies":[{"name":"wp","href":"https:\/\/api.w.org\/{rel}","templated":true}]}}