{"id":9340,"date":"2018-04-06T01:03:00","date_gmt":"2018-04-06T04:03:00","guid":{"rendered":"http:\/\/testesadam.web7005.uni5.net\/modelo\/?p=9340"},"modified":"2018-04-06T01:03:00","modified_gmt":"2018-04-06T04:03:00","slug":"nao-existe-mediacao-sem-mediadores-de-qualidade-afirmou-professor-marcelo-girade-correa-em-encontro-na-emerj","status":"publish","type":"post","link":"https:\/\/sitesadam.com.br\/modelo5\/nao-existe-mediacao-sem-mediadores-de-qualidade-afirmou-professor-marcelo-girade-correa-em-encontro-na-emerj\/","title":{"rendered":"N\u00e3o existe media\u00e7\u00e3o sem mediadores de qualidade\u201d, afirmou o professor Marcelo Girade Correa em encontro na EMERJ."},"content":{"rendered":"<h5 style=\"text-align: justify;\">O F\u00f3rum Permanente de Pr\u00e1ticas Restaurativas e Media\u00e7\u00e3o da Escola da Magistratura do Estado do Rio de Janeiro (EMERJ) promoveu sua 44\u00aa reuni\u00e3o, nesta sexta-feira (6), com o tema: \u201cA Principal Fun\u00e7\u00e3o do Mediador como Facilitador do Consenso\u201d. O evento foi aberto pelo desembargador Ant\u00f4nio Carlos Esteves Torres e contou com a presen\u00e7a como palestrante do professor Marcelo Girade Correa.<\/h5>\n<h5 style=\"text-align: justify;\">\u201cO foco principal da palestra de hoje n\u00e3o \u00e9 a media\u00e7\u00e3o, e sim o mediador. Hoje em dia se fala muito sobre os benef\u00edcios e as novidades que a media\u00e7\u00e3o pode trazer, mas, neste momento, \u00e9 fundamental falar do mediador, porque n\u00e3o existe media\u00e7\u00e3o sem um mediador de qualidade\u201d, disse Marcelo.<\/h5>\n<h5 style=\"text-align: justify;\">O professor explicou a import\u00e2ncia de o mediador estar bem-preparado e instru\u00eddo para saber gerir os conflitos de forma eficiente, estimulando e facilitando a resolu\u00e7\u00e3o sem indicar a solu\u00e7\u00e3o, para que as pr\u00f3prias partes, com a ajuda de seus advogados, sejam capazes de chegar a um consenso. \u201cA principal fun\u00e7\u00e3o do mediador \u00e9 facilitar o resultado para o consenso e efetivamente gerar movimento. \u00c9 importante saber como gerar movimento ao longo do processo de media\u00e7\u00e3o\u201d, destacou o mediador.<\/h5>\n<h5 style=\"text-align: justify;\">A psic\u00f3loga e mediadora do TJRJ Claudia Maria Ferreira de Souza, que tamb\u00e9m comp\u00f4s a mesa de debates, citou em sua exposi\u00e7\u00e3o o poema \u201cVerdade\u201d, de Fernando Pessoa, que fala sobre a dupla exist\u00eancia da verdade, fazendo um paralelo com o papel do mediador como facilitador da resolu\u00e7\u00e3o do conflito. Ela afirmou que o mediador n\u00e3o deve se colocar no lugar de juiz, e sim de ouvinte. \u201c\u00c0s vezes, nos colocamos no lugar de julgadores e pensamos: Qual \u00e9 a verdade? Quem est\u00e1 com a raz\u00e3o? Mas a escuta especializada do mediador precisa ser diferente. \u00c9 dever do mediador tentar entender os dois lados e buscar os recursos necess\u00e1rios para ser o facilitador do consenso nesse momento em que se encontram duas verdades de uma mesma quest\u00e3o\u201d.<\/h5>\n<h5 style=\"text-align: justify;\">Fonte: Assessoria de Comunica\u00e7\u00e3o Institucional da EMERJ &#8211;\u00a006 de abril de 2018.<\/h5>\n<h5 style=\"text-align: justify;\"><a title=\"AdamNews\" href=\"http:\/\/www.adamsistemas.com\/adamnews\" target=\"_blank\" rel=\"noopener noreferrer\"><img decoding=\"async\" class=\"alignnone\" src=\"data:image\/svg+xml,%3Csvg%20xmlns%3D&#39;http%3A%2F%2Fwww.w3.org%2F2000%2Fsvg&#39;%20width=&#39;16&#39;%20height=&#39;16&#39;%20viewBox%3D&#39;0%200%2016%2016&#39;%2F%3E\" data-czlz data-src=\"http:\/\/www.adamsistemas.com\/imagens\/favicon_adam.ico\" alt=\"\" width=\"16\" height=\"16\" \/> AdamNews<\/a> &#8211; Divulga\u00e7\u00e3o exclusiva de not\u00edcias para clientes e parceiros!<\/h5>\n","protected":false},"excerpt":{"rendered":"<p>Hoje em dia se fala muito sobre os benef\u00edcios e as novidades que a media\u00e7\u00e3o pode trazer, mas, neste momento, \u00e9 fundamental falar do mediador, porque n\u00e3o existe media\u00e7\u00e3o sem um mediador de qualidade &#8230; <a class=\"cz_readmore\" href=\"https:\/\/sitesadam.com.br\/modelo5\/nao-existe-mediacao-sem-mediadores-de-qualidade-afirmou-professor-marcelo-girade-correa-em-encontro-na-emerj\/\"><i class=\"fa fa-angle-right\" aria-hidden=\"true\"><\/i><span>Saiba mais&#8230;<\/span><\/a><\/p>\n","protected":false},"author":2,"featured_media":0,"comment_status":"open","ping_status":"closed","sticky":false,"template":"","format":"standard","meta":{"footnotes":""},"categories":[2,6,8],"tags":[3,7,9],"class_list":["post-9340","post","type-post","status-publish","format-standard","hentry","category-adamnews","category-mediacao","category-noticias","tag-adamnews","tag-mediacao","tag-noticias"],"_links":{"self":[{"href":"https:\/\/sitesadam.com.br\/modelo5\/wp-json\/wp\/v2\/posts\/9340","targetHints":{"allow":["GET"]}}],"collection":[{"href":"https:\/\/sitesadam.com.br\/modelo5\/wp-json\/wp\/v2\/posts"}],"about":[{"href":"https:\/\/sitesadam.com.br\/modelo5\/wp-json\/wp\/v2\/types\/post"}],"author":[{"embeddable":true,"href":"https:\/\/sitesadam.com.br\/modelo5\/wp-json\/wp\/v2\/users\/2"}],"replies":[{"embeddable":true,"href":"https:\/\/sitesadam.com.br\/modelo5\/wp-json\/wp\/v2\/comments?post=9340"}],"version-history":[{"count":0,"href":"https:\/\/sitesadam.com.br\/modelo5\/wp-json\/wp\/v2\/posts\/9340\/revisions"}],"wp:attachment":[{"href":"https:\/\/sitesadam.com.br\/modelo5\/wp-json\/wp\/v2\/media?parent=9340"}],"wp:term":[{"taxonomy":"category","embeddable":true,"href":"https:\/\/sitesadam.com.br\/modelo5\/wp-json\/wp\/v2\/categories?post=9340"},{"taxonomy":"post_tag","embeddable":true,"href":"https:\/\/sitesadam.com.br\/modelo5\/wp-json\/wp\/v2\/tags?post=9340"}],"curies":[{"name":"wp","href":"https:\/\/api.w.org\/{rel}","templated":true}]}}