{"id":671,"date":"2015-11-03T14:09:00","date_gmt":"2015-11-03T16:09:00","guid":{"rendered":"http:\/\/testesadam.web2147.uni5.net\/modelo\/?p=671"},"modified":"2015-11-03T14:09:00","modified_gmt":"2015-11-03T16:09:00","slug":"leia-novo-codigo-de-etica-da-ordem-dos-advogados-brasil","status":"publish","type":"post","link":"https:\/\/sitesadam.com.br\/modelo5\/leia-novo-codigo-de-etica-da-ordem-dos-advogados-brasil\/","title":{"rendered":"Leia o novo C\u00f3digo de \u00c9tica da Ordem dos Advogados do Brasil"},"content":{"rendered":"<h5 style=\"text-align: justify;\"><a title=\"AdamNews\" href=\"http:\/\/www.adamsistemas.com\/adamnews\" target=\"_blank\" rel=\"noopener noreferrer\"><img decoding=\"async\" class=\"alignnone\" src=\"data:image\/svg+xml,%3Csvg%20xmlns%3D&#39;http%3A%2F%2Fwww.w3.org%2F2000%2Fsvg&#39;%20width=&#39;16&#39;%20height=&#39;16&#39;%20viewBox%3D&#39;0%200%2016%2016&#39;%2F%3E\" data-czlz data-src=\"http:\/\/www.adamsistemas.com\/imagens\/favicon_adam.ico\" alt=\"\" width=\"16\" height=\"16\" \/> AdamNews<\/a> &#8211; Divulga\u00e7\u00e3o exclusiva de not\u00edcias para clientes e parceiros!<\/h5>\n<h5 style=\"text-align: justify;\">O <a href=\"http:\/\/www.adambrasil.com\/wp-content\/uploads\/2015\/11\/codigo_etica_oab_2015.pdf\" target=\"_blank\" rel=\"noopener noreferrer\">Novo C\u00f3digo de \u00c9tica da Ordem dos Advogados do Brasil<\/a> ser\u00e1 publicado no Di\u00e1rio Oficial da Uni\u00e3o desta quarta-feira (4\/11). Uma das principais mudan\u00e7as \u00e9 a advocacia pro bono, que possibilita a assist\u00eancia gratuita aos necessitados economicamente, ignorada pelo c\u00f3digo antigo, que vigorou por 20 anos.<\/h5>\n<h5 style=\"text-align: justify;\">O documento, aprovado pelo Conselho Pleno da OAB em outubro deste ano, permite tamb\u00e9m a publicidade dos servi\u00e7os dos advogados por meios eletr\u00f4nicos, como redes sociais, desde que de forma moderada, sem tentativa de capta\u00e7\u00e3o de clientela.<\/h5>\n<h5 style=\"text-align: justify;\">O novo c\u00f3digo estabelece ainda maior rigor \u00e9tico aos dirigentes da OAB. Em rela\u00e7\u00e3o ao processo disciplinar, foi estabelecido o prazo m\u00e1ximo de 30 dias para o relator emitir decis\u00e3o pela instaura\u00e7\u00e3o ou n\u00e3o de procedimento. &#8220;Cortando na pr\u00f3pria carne, a OAB faz constar no seu C\u00f3digo de \u00c9tica regras rigorosas de conduta para seus dirigentes, incluindo presidentes e conselheiros&#8221;, explica Marcus Vinicius Furtado Co\u00ealho, presidente do Conselho Federal da OAB.<\/h5>\n<h5 style=\"text-align: justify;\">Segundo o documento, passa a ser princ\u00edpio \u00e9tico do advogado o est\u00edmulo aos meios extrajudiciais de resolu\u00e7\u00e3o de lit\u00edgios, como media\u00e7\u00e3o e concilia\u00e7\u00e3o, como forma de prevenir a instaura\u00e7\u00e3o de processos judiciais. &#8220;Temos que contribuir com o Brasil na conten\u00e7\u00e3o da escalada do n\u00famero de processos na Justi\u00e7a, hoje j\u00e1 com 100 milh\u00f5es de lit\u00edgios&#8221;, explica Marcus Vinicius.<\/h5>\n<h5 style=\"text-align: justify;\"><strong>Clique <a href=\"http:\/\/www.adambrasil.com\/wp-content\/uploads\/2015\/11\/codigo_etica_oab_2015.pdf\" target=\"_blank\" rel=\"noopener noreferrer\">aqui<\/a>\u00a0para ler o novo C\u00f3digo de \u00c9tica da OAB<\/strong>.<\/h5>\n<h5 style=\"text-align: justify;\">Por Marcelo Galli, rep\u00f3rter da revista Consultor Jur\u00eddico.<\/h5>\n<h5 style=\"text-align: justify;\">Fonte: Revista Consultor Jur\u00eddico, 3 de novembro de 2015, 17h14<\/h5>\n","protected":false},"excerpt":{"rendered":"<p>Segundo o documento, passa a ser princ\u00edpio \u00e9tico do advogado o est\u00edmulo aos meios extrajudiciais de resolu\u00e7\u00e3o de lit\u00edgios, como media\u00e7\u00e3o e concilia\u00e7\u00e3o, como forma de prevenir a instaura\u00e7\u00e3o de processos judiciais. &#8220;Temos que contribuir com o Brasil na conten\u00e7\u00e3o da escalada do n\u00famero de processos na Justi\u00e7a, hoje j\u00e1 com 100 milh\u00f5es de lit\u00edgios&#8221;, explica Marcus Vinicius. &#8230; <a class=\"cz_readmore\" href=\"https:\/\/sitesadam.com.br\/modelo5\/leia-novo-codigo-de-etica-da-ordem-dos-advogados-brasil\/\"><i class=\"fa fa-angle-right\" aria-hidden=\"true\"><\/i><span>Saiba mais&#8230;<\/span><\/a><\/p>\n","protected":false},"author":2,"featured_media":0,"comment_status":"open","ping_status":"closed","sticky":false,"template":"","format":"standard","meta":{"footnotes":""},"categories":[2,4,11,6,8],"tags":[3,5,10,7,9],"class_list":["post-671","post","type-post","status-publish","format-standard","hentry","category-adamnews","category-arbitragem","category-conciliacao","category-mediacao","category-noticias","tag-adamnews","tag-arbitragem","tag-conciliacao","tag-mediacao","tag-noticias"],"_links":{"self":[{"href":"https:\/\/sitesadam.com.br\/modelo5\/wp-json\/wp\/v2\/posts\/671","targetHints":{"allow":["GET"]}}],"collection":[{"href":"https:\/\/sitesadam.com.br\/modelo5\/wp-json\/wp\/v2\/posts"}],"about":[{"href":"https:\/\/sitesadam.com.br\/modelo5\/wp-json\/wp\/v2\/types\/post"}],"author":[{"embeddable":true,"href":"https:\/\/sitesadam.com.br\/modelo5\/wp-json\/wp\/v2\/users\/2"}],"replies":[{"embeddable":true,"href":"https:\/\/sitesadam.com.br\/modelo5\/wp-json\/wp\/v2\/comments?post=671"}],"version-history":[{"count":0,"href":"https:\/\/sitesadam.com.br\/modelo5\/wp-json\/wp\/v2\/posts\/671\/revisions"}],"wp:attachment":[{"href":"https:\/\/sitesadam.com.br\/modelo5\/wp-json\/wp\/v2\/media?parent=671"}],"wp:term":[{"taxonomy":"category","embeddable":true,"href":"https:\/\/sitesadam.com.br\/modelo5\/wp-json\/wp\/v2\/categories?post=671"},{"taxonomy":"post_tag","embeddable":true,"href":"https:\/\/sitesadam.com.br\/modelo5\/wp-json\/wp\/v2\/tags?post=671"}],"curies":[{"name":"wp","href":"https:\/\/api.w.org\/{rel}","templated":true}]}}