{"id":10038,"date":"2022-06-13T19:22:00","date_gmt":"2022-06-13T16:22:00","guid":{"rendered":"http:\/\/sitesadam.com.br\/modelo\/?p=10038"},"modified":"2022-06-13T19:22:00","modified_gmt":"2022-06-13T16:22:00","slug":"xi-secmasc-seminario-de-conciliacao-mediacao-e-arbitragem-de-santa-catarina-edicao-online","status":"publish","type":"post","link":"https:\/\/sitesadam.com.br\/modelo5\/xi-secmasc-seminario-de-conciliacao-mediacao-e-arbitragem-de-santa-catarina-edicao-online\/","title":{"rendered":"XI SECMASC (Semin\u00e1rio de Concilia\u00e7\u00e3o, Media\u00e7\u00e3o e Arbitragem de Santa Catarina) &#8211; EDI\u00c7\u00c3O ONLINE"},"content":{"rendered":"<p style=\"text-align: center;\"><a href=\"https:\/\/www.fecema.org.br\/xi-programacao\/\"><img fetchpriority=\"high\" decoding=\"async\" class=\"alignnone wp-image-11256 size-large\" style=\"font-size: revert; color: initial;\" src=\"data:image\/svg+xml,%3Csvg%20xmlns%3D&#39;http%3A%2F%2Fwww.w3.org%2F2000%2Fsvg&#39;%20width=&#39;960&#39;%20height=&#39;503&#39;%20viewBox%3D&#39;0%200%20960%20503&#39;%2F%3E\" data-czlz data-src=\"https:\/\/www.fecema.org.br\/wp-content\/uploads\/2022\/06\/Capa-site-eventos-Sympla-FECEMA-XI-SECMASC-julho-2022-1024x536.png\" alt=\"\" width=\"960\" height=\"503\" \/><\/a><\/p>\n<div id=\"cz_69132\" class=\"cz_69132 cz_title clr cz_title_pos_inline tac\">\n<div class=\"cz_title_content\">\n<div class=\"cz_wpe_content\">\n<p style=\"text-align: justify;\"><strong>UM DOS MAIORES EVENTOS SOBRE CONCILIA\u00c7\u00c3O, MEDIA\u00c7\u00c3O E ARBITRAGEM DO BRASIL<\/strong><br \/>\n<strong>RECEBE NO M\u00caS DE JULHO, PALESTRANTES DO BRASIL E EXTERIOR<\/strong><\/p>\n<\/div>\n<\/div>\n<\/div>\n<div id=\"cz_70571\" class=\"cz_70571 cz_title clr cz_title_pos_inline tac\">\n<div class=\"cz_title_content\">\n<div class=\"cz_wpe_content\">\n<p style=\"text-align: justify;\"><strong>Garanta sua inscri\u00e7\u00e3o e venha se atualizar e aprender com os melhores profissionais do ramo. O evento ser\u00e1 transmitido 100% digital para os inscritos, pelo zoom.<\/strong><\/p>\n<p style=\"text-align: justify;\"><strong>A inscri\u00e7\u00e3o para assistir ao XI SECMASC \u00e9 100% gratuita.<\/strong><\/p>\n<p style=\"text-align: justify;\"><strong>O SECMASC \u00e9 um dos mais reconhecidos e elogiados eventos sobre os M\u00e9todos Adequados de Solu\u00e7\u00e3o de Conflitos (MASCs), trazendo sempre as novidades e temas variados, despertando o interesse de amplo espectro de profissionais como gestores, administradores, engenheiros, advogados, psic\u00f3logos, contadores e o setor empresarial em geral. Por sua relev\u00e2ncia, tamb\u00e9m encontra repercuss\u00e3o na imprensa, tendo recebido destaque em diversos ve\u00edculos de comunica\u00e7\u00e3o ao longo dos anos. Repetindo a f\u00f3rmula de sucesso de 2021 e em aten\u00e7\u00e3o aos cuidados exigidos pelo momento atual, em rela\u00e7\u00e3o \u00e0 COVID-19, o XI SECMASC ser\u00e1 novamente realizado e transmitido de forma 100% digital, com sua programa\u00e7\u00e3o sendo dividida em diferentes temas ao longo dos cinco pain\u00e9is que ser\u00e3o realizados no m\u00eas de julho\/2022, sendo um por semana.<\/strong><\/p>\n<p style=\"text-align: justify;\"><strong>XI SECMASC (Semin\u00e1rio de Concilia\u00e7\u00e3o, Media\u00e7\u00e3o e Arbitragem de Santa Catarina)<br \/>\nTEMA CENTRAL: Di\u00e1logos dos MASCs com a Sociedade em Tempos de Transforma\u00e7\u00f5es<br \/>\nDias 01, 07, 12, 21 e 28 de julho de 2022<br \/>\nTransmiss\u00e3o 100% digital via Zoom<\/strong><\/p>\n<\/div>\n<\/div>\n<\/div>\n<p><strong><a href=\"https:\/\/www.fecema.org.br\/xi-programacao\/\">MAIS INFORMA\u00c7\u00d5ES<\/a><\/strong><\/p>\n","protected":false},"excerpt":{"rendered":"<p>Um dos maiores eventos sobre concilia\u00e7\u00e3o, media\u00e7\u00e3o e arbitragem do Brasil recebe no m\u00eas de julho, palestrantes do Brasil e exterior. &#8230; <a class=\"cz_readmore\" href=\"https:\/\/sitesadam.com.br\/modelo5\/xi-secmasc-seminario-de-conciliacao-mediacao-e-arbitragem-de-santa-catarina-edicao-online\/\"><i class=\"fa fa-angle-right\" aria-hidden=\"true\"><\/i><span>Saiba mais&#8230;<\/span><\/a><\/p>\n","protected":false},"author":2,"featured_media":0,"comment_status":"closed","ping_status":"closed","sticky":false,"template":"","format":"standard","meta":{"footnotes":""},"categories":[2,4,11,6,8],"tags":[5,10,16,7,17],"class_list":["post-10038","post","type-post","status-publish","format-standard","hentry","category-adamnews","category-arbitragem","category-conciliacao","category-mediacao","category-noticias","tag-arbitragem","tag-conciliacao","tag-eventos","tag-mediacao","tag-secmasc"],"_links":{"self":[{"href":"https:\/\/sitesadam.com.br\/modelo5\/wp-json\/wp\/v2\/posts\/10038","targetHints":{"allow":["GET"]}}],"collection":[{"href":"https:\/\/sitesadam.com.br\/modelo5\/wp-json\/wp\/v2\/posts"}],"about":[{"href":"https:\/\/sitesadam.com.br\/modelo5\/wp-json\/wp\/v2\/types\/post"}],"author":[{"embeddable":true,"href":"https:\/\/sitesadam.com.br\/modelo5\/wp-json\/wp\/v2\/users\/2"}],"replies":[{"embeddable":true,"href":"https:\/\/sitesadam.com.br\/modelo5\/wp-json\/wp\/v2\/comments?post=10038"}],"version-history":[{"count":0,"href":"https:\/\/sitesadam.com.br\/modelo5\/wp-json\/wp\/v2\/posts\/10038\/revisions"}],"wp:attachment":[{"href":"https:\/\/sitesadam.com.br\/modelo5\/wp-json\/wp\/v2\/media?parent=10038"}],"wp:term":[{"taxonomy":"category","embeddable":true,"href":"https:\/\/sitesadam.com.br\/modelo5\/wp-json\/wp\/v2\/categories?post=10038"},{"taxonomy":"post_tag","embeddable":true,"href":"https:\/\/sitesadam.com.br\/modelo5\/wp-json\/wp\/v2\/tags?post=10038"}],"curies":[{"name":"wp","href":"https:\/\/api.w.org\/{rel}","templated":true}]}}