{"id":9164,"date":"2017-05-16T17:05:00","date_gmt":"2017-05-16T20:05:00","guid":{"rendered":"http:\/\/testesadam.web2147.uni5.net\/modelo\/?p=9164"},"modified":"2017-05-16T17:05:00","modified_gmt":"2017-05-16T20:05:00","slug":"revista-forum-nacional-da-mediacao-conciliacao-v-2-n-1-2017","status":"publish","type":"post","link":"http:\/\/sitesadam.com.br\/modelo3\/2017\/05\/16\/revista-forum-nacional-da-mediacao-conciliacao-v-2-n-1-2017\/","title":{"rendered":"Revista do F\u00f3rum Nacional da Media\u00e7\u00e3o e Concilia\u00e7\u00e3o &#8211; v. 1 &#8211; n.1 &#8211; 2017"},"content":{"rendered":"<h5><a href=\"http:\/\/www.adambrasil.com\/wp-content\/uploads\/2017\/05\/revista_forum_nacional_mediacao_conciliacao_v1_n1_2017.pdf\" target=\"_blank\" rel=\"noopener noreferrer\"><img loading=\"lazy\" class=\"alignnone size-full wp-image-3653\" src=\"http:\/\/www.adamsistemas.com\/wp-content\/uploads\/icone_pdf.png\" alt=\"icone_pdf\" width=\"50\" height=\"50\" \/><\/a>\u00a0<a href=\"http:\/\/www.adambrasil.com\/wp-content\/uploads\/2017\/05\/revista_forum_nacional_mediacao_conciliacao_v1_n1_2017.pdf\" target=\"_blank\" rel=\"noopener noreferrer\">Clique aqui<\/a> para baixar ou visualizar o arquivo.<\/h5>\n<p><iframe style=\"width:700px; height:490px;\" src=\"\/\/e.issuu.com\/embed.html#8356101\/48907516\" frameborder=\"0\" allowfullscreen><\/iframe><\/p>\n<h5 style=\"text-align: justify;\"><a title=\"AdamNews\" href=\"http:\/\/www.adamsistemas.com\/adamnews\" target=\"_blank\" rel=\"noopener noreferrer\"><img loading=\"lazy\" class=\"alignnone\" src=\"http:\/\/www.adamsistemas.com\/imagens\/favicon_adam.ico\" alt=\"\" width=\"16\" height=\"16\" \/> AdamNews<\/a> &#8211; Divulga\u00e7\u00e3o exclusiva de not\u00edcias para clientes e parceiros!<\/h5>\n","protected":false},"excerpt":{"rendered":"<p>Em sua primeira edi\u00e7\u00e3o, conseguiu congregar, em torno da excel\u00eancia de seu Conselho Editorial, composto por juristas renomados, a experi\u00eancia de profissionais do direito \u2013 dentre os quais, integrantes dos Nupemecs e de Cejuscs &#8211; e as principais inquieta\u00e7\u00f5es de membros da academia sobre alguns dos temas mais instigantes da atualidade, como o acesso \u00e0 justi\u00e7a, os m\u00e9todos n\u00e3o-adversariais de solu\u00e7\u00e3o de conflitos e a ressignifica\u00e7\u00e3o do conceito de jurisdi\u00e7\u00e3o e do processo.<\/p>\n","protected":false},"author":2,"featured_media":0,"comment_status":"open","ping_status":"closed","sticky":false,"template":"","format":"standard","meta":[],"categories":[5,13,15,11,9],"tags":[6,14,12,10],"_links":{"self":[{"href":"http:\/\/sitesadam.com.br\/modelo3\/wp-json\/wp\/v2\/posts\/9164"}],"collection":[{"href":"http:\/\/sitesadam.com.br\/modelo3\/wp-json\/wp\/v2\/posts"}],"about":[{"href":"http:\/\/sitesadam.com.br\/modelo3\/wp-json\/wp\/v2\/types\/post"}],"author":[{"embeddable":true,"href":"http:\/\/sitesadam.com.br\/modelo3\/wp-json\/wp\/v2\/users\/2"}],"replies":[{"embeddable":true,"href":"http:\/\/sitesadam.com.br\/modelo3\/wp-json\/wp\/v2\/comments?post=9164"}],"version-history":[{"count":0,"href":"http:\/\/sitesadam.com.br\/modelo3\/wp-json\/wp\/v2\/posts\/9164\/revisions"}],"wp:attachment":[{"href":"http:\/\/sitesadam.com.br\/modelo3\/wp-json\/wp\/v2\/media?parent=9164"}],"wp:term":[{"taxonomy":"category","embeddable":true,"href":"http:\/\/sitesadam.com.br\/modelo3\/wp-json\/wp\/v2\/categories?post=9164"},{"taxonomy":"post_tag","embeddable":true,"href":"http:\/\/sitesadam.com.br\/modelo3\/wp-json\/wp\/v2\/tags?post=9164"}],"curies":[{"name":"wp","href":"https:\/\/api.w.org\/{rel}","templated":true}]}}